{"id":94990,"date":"2024-11-13T10:57:35","date_gmt":"2024-11-13T09:57:35","guid":{"rendered":"https:\/\/shop-2025.pfarrplatz.vollwerbung.at\/template-package-configurator\/"},"modified":"2024-11-13T10:57:36","modified_gmt":"2024-11-13T09:57:36","slug":"template-package-configurator","status":"publish","type":"post","link":"https:\/\/shop.pfarrplatz.com\/en\/template-package-configurator\/","title":{"rendered":"Template package configurator"},"content":{"rendered":"<p>[av_section min_height=&#8221; min_height_pc=&#8217;25&#8217; min_height_px=&#8217;500px&#8217; padding=&#8217;default&#8217; custom_margin=&#8217;0px&#8217; custom_margin_sync=&#8217;true&#8217; color=&#8217;alternate_color&#8217; background=&#8217;bg_color&#8217; custom_bg=&#8221; background_gradient_color1=&#8221; background_gradient_color2=&#8221; background_gradient_direction=&#8217;vertical&#8217; src=&#8221; attachment=&#8221; attachment_size=&#8221; attach=&#8217;scroll&#8217; position=&#8217;top left&#8217; repeat=&#8217;no-repeat&#8217; video=&#8221; video_ratio=&#8217;16:9&#8242; overlay_opacity=&#8217;0.5&#8242; overlay_color=&#8221; overlay_pattern=&#8221; overlay_custom_pattern=&#8221; shadow=&#8217;no-border-styling&#8217; bottom_border=&#8217;no-border-styling&#8217; bottom_border_diagonal_color=&#8217;#333333&#8242; bottom_border_diagonal_direction=&#8221; bottom_border_style=&#8221; custom_arrow_bg=&#8221; id=&#8221; custom_class=&#8217;titel_weinpaket&#8217; aria_label=&#8221; av_element_hidden_in_editor=&#8217;0&#8242; av_uid=&#8217;av-jt5puro1&#8242;]<br \/>\n[av_textblock size=&#8217;20&#8217; av-medium-font-size=&#8221; av-small-font-size=&#8221; av-mini-font-size=&#8221; font_color=&#8221; color=&#8221; id=&#8221; custom_class=&#8217;sans&#8217; av_uid=&#8217;av-jt5pu6fv&#8217; admin_preview_bg=&#8221;]<\/p>\n<h1 style=\"text-align: center;\">Ihr pers\u00f6nliches Mayer am Pfarrplatz Weinpaket.<\/h1>\n<p style=\"text-align: center;\"><strong>1. W\u00e4hlen Sie eine Paketgr\u00f6\u00dfe:<\/strong><\/p>\n<p>[\/av_textblock]<br \/>\n[\/av_section]<\/p>\n<p>[av_layout_row border=&#8221; min_height_percent=&#8221; min_height_pc=&#8217;25&#8217; min_height=&#8217;0&#8242; color=&#8217;alternate_color&#8217; mobile=&#8217;av-flex-cells&#8217; mobile_breaking=&#8221; id=&#8221; custom_class=&#8217;auswahl_weinpaket&#8217; aria_label=&#8221; av_element_hidden_in_editor=&#8217;0&#8242; av_uid=&#8217;av-kwnqg520&#8242;]<br \/>\n[av_cell_one_half vertical_align=&#8217;top&#8217; padding=&#8217;30px,60px,30px,30px&#8217; background=&#8217;bg_color&#8217; background_color=&#8217;#f8f8f8&#8242; background_gradient_color1=&#8221; background_gradient_color2=&#8221; background_gradient_direction=&#8217;vertical&#8217; src=&#8221; attachment=&#8221; attachment_size=&#8221; background_attachment=&#8217;scroll&#8217; background_position=&#8217;top left&#8217; background_repeat=&#8217;no-repeat&#8217; link=&#8217;manually,\/de\/product\/12er-paket-konfigurator\/&#8217; linktarget=&#8221; link_hover=&#8221; mobile_display=&#8221; custom_class=&#8217;auswahl_paket_links&#8217; av_uid=&#8217;av-kwnqns7g&#8217;]<\/p>\n<p>[av_image src=&#8217;https:\/\/temp.pfarrplatz.at\/wp-content\/uploads\/2021\/11\/12er_auswahl-300&#215;268.png&#8217; attachment=&#8217;40932&#8242; attachment_size=&#8217;medium&#8217; copyright=&#8221; caption=&#8221; styling=&#8221; align=&#8217;right&#8217; font_size=&#8221; overlay_opacity=&#8217;0.4&#8242; overlay_color=&#8217;#000000&#8242; overlay_text_color=&#8217;#ffffff&#8217; animation=&#8217;no-animation&#8217; hover=&#8221; appearance=&#8221; link=&#8221; target=&#8221; title_attr=&#8221; alt_attr=&#8221; lazy_loading=&#8217;disabled&#8217; id=&#8221; custom_class=&#8221; av_element_hidden_in_editor=&#8217;0&#8242; av_uid=&#8217;av-kwnqn9yo&#8217; admin_preview_bg=&#8221;]<br \/>\n12er Paket<br \/>\n[\/av_image]<\/p>\n<p>[av_textblock size=&#8221; av-medium-font-size=&#8221; av-small-font-size=&#8221; av-mini-font-size=&#8221; font_color=&#8221; color=&#8221; id=&#8221; custom_class=&#8221; av_uid=&#8217;av-kwnqrthm&#8217; admin_preview_bg=&#8221;]<\/p>\n<h3 style=\"text-align: right;\">12 Flaschen Paket<\/h3>\n<p>[\/av_textblock]<\/p>\n<p>[\/av_cell_one_half][av_cell_one_half vertical_align=&#8217;top&#8217; padding=&#8217;30px,30px,30px,60px&#8217; background=&#8217;bg_color&#8217; background_color=&#8217;#f8f8f8&#8242; background_gradient_color1=&#8221; background_gradient_color2=&#8221; background_gradient_direction=&#8217;vertical&#8217; src=&#8221; attachment=&#8221; attachment_size=&#8221; background_attachment=&#8217;scroll&#8217; background_position=&#8217;top left&#8217; background_repeat=&#8217;no-repeat&#8217; link=&#8217;manually,\/de\/product\/6er-paket-konfigurator\/&#8217; linktarget=&#8221; link_hover=&#8221; mobile_display=&#8221; custom_class=&#8217;auswahl_paket_rechts&#8217; av_uid=&#8217;av-kwnqns7g&#8217;]<\/p>\n<p>[av_image src=&#8217;https:\/\/temp.pfarrplatz.at\/wp-content\/uploads\/2021\/11\/6er_auswahl-287&#215;300.png&#8217; attachment=&#8217;40930&#8242; attachment_size=&#8217;medium&#8217; copyright=&#8221; caption=&#8221; styling=&#8221; align=&#8217;left&#8217; font_size=&#8221; overlay_opacity=&#8217;0.4&#8242; overlay_color=&#8217;#000000&#8242; overlay_text_color=&#8217;#ffffff&#8217; animation=&#8217;no-animation&#8217; hover=&#8221; appearance=&#8221; link=&#8221; target=&#8221; title_attr=&#8221; alt_attr=&#8221; lazy_loading=&#8217;disabled&#8217; id=&#8221; custom_class=&#8221; av_element_hidden_in_editor=&#8217;0&#8242; av_uid=&#8217;av-kwnqn9yo&#8217; admin_preview_bg=&#8221;]<br \/>\n12er Paket<br \/>\n[\/av_image]<\/p>\n<p>[av_textblock size=&#8221; av-medium-font-size=&#8221; av-small-font-size=&#8221; av-mini-font-size=&#8221; font_color=&#8221; color=&#8221; id=&#8221; custom_class=&#8221; av_uid=&#8217;av-kwnqrthm&#8217; admin_preview_bg=&#8221;]<\/p>\n<h3 style=\"text-align: left;\">6 Flaschen Paket<\/h3>\n<p>[\/av_textblock]<\/p>\n<p>[\/av_cell_one_half]<br \/>\n[\/av_layout_row]<\/p>\n<p>[av_hr class=&#8217;invisible&#8217; icon_select=&#8217;yes&#8217; icon=&#8217;ue808&#8242; font=&#8217;entypo-fontello&#8217; position=&#8217;center&#8217; shadow=&#8217;no-shadow&#8217; height=&#8217;20&#8217; custom_border=&#8217;av-border-thin&#8217; custom_width=&#8217;50px&#8217; custom_margin_top=&#8217;30px&#8217; custom_margin_bottom=&#8217;30px&#8217; custom_border_color=&#8221; custom_icon_color=&#8221; id=&#8221; custom_class=&#8221; av_uid=&#8217;av-kwnqve9q&#8217; admin_preview_bg=&#8221;]<\/p>\n<p>[av_textblock size=&#8217;20&#8217; av-medium-font-size=&#8221; av-small-font-size=&#8221; av-mini-font-size=&#8221; font_color=&#8221; color=&#8221; id=&#8221; custom_class=&#8217;sans&#8217; av_uid=&#8217;av-jt5pu6fv&#8217; admin_preview_bg=&#8221;]<\/p>\n<p style=\"text-align: center;\"><strong>3. Bef\u00fcllen Sie Ihr Paket:<\/strong><\/p>\n<p>[\/av_textblock]<\/p>\n<p>[av_hr class=&#8217;invisible&#8217; icon_select=&#8217;yes&#8217; icon=&#8217;ue808&#8242; font=&#8217;entypo-fontello&#8217; position=&#8217;center&#8217; shadow=&#8217;no-shadow&#8217; height=&#8217;20&#8217; custom_border=&#8217;av-border-thin&#8217; custom_width=&#8217;50px&#8217; custom_margin_top=&#8217;30px&#8217; custom_margin_bottom=&#8217;30px&#8217; custom_border_color=&#8221; custom_icon_color=&#8221; id=&#8221; custom_class=&#8221; av_uid=&#8217;av-kwnqve9q&#8217; admin_preview_bg=&#8221;]<\/p>\n","protected":false},"excerpt":{"rendered":"<p>[av_section min_height=&#8221; min_height_pc=&#8217;25&#8217; min_height_px=&#8217;500px&#8217; padding=&#8217;default&#8217; custom_margin=&#8217;0px&#8217; custom_margin_sync=&#8217;true&#8217; color=&#8217;alternate_color&#8217; background=&#8217;bg_color&#8217; custom_bg=&#8221;  [&#8230;]<\/p>\n","protected":false},"author":1,"featured_media":0,"comment_status":"closed","ping_status":"closed","sticky":false,"template":"","format":"standard","meta":{"footnotes":""},"categories":[30],"tags":[],"class_list":["post-94990","post","type-post","status-publish","format-standard","hentry","category-uncategorized"],"yoast_head":"<!-- This site is optimized with the Yoast SEO plugin v27.5 - https:\/\/yoast.com\/product\/yoast-seo-wordpress\/ -->\n<title>Template package configurator - Online-Shop der Weing\u00fcter Mayer am Pfarrplatz und Rotes Haus<\/title>\n<meta name=\"robots\" content=\"noindex, follow\" \/>\n<meta property=\"og:locale\" content=\"en_US\" \/>\n<meta property=\"og:type\" content=\"article\" \/>\n<meta property=\"og:title\" content=\"Template package configurator - Online-Shop der Weing\u00fcter Mayer am Pfarrplatz und Rotes Haus\" \/>\n<meta property=\"og:description\" content=\"[av_section min_height=&#8221; min_height_pc=&#8217;25&#8217; min_height_px=&#8217;500px&#8217; padding=&#8217;default&#8217; custom_margin=&#8217;0px&#8217; custom_margin_sync=&#8217;true&#8217; color=&#8217;alternate_color&#8217; background=&#8217;bg_color&#8217; custom_bg=&#8221; [...]\" \/>\n<meta property=\"og:url\" content=\"https:\/\/shop.pfarrplatz.com\/en\/template-package-configurator\/\" \/>\n<meta property=\"og:site_name\" content=\"Online-Shop der Weing\u00fcter Mayer am Pfarrplatz und Rotes Haus\" \/>\n<meta property=\"article:publisher\" content=\"https:\/\/www.facebook.com\/mayerampfarrplatz\" \/>\n<meta property=\"article:published_time\" content=\"2024-11-13T09:57:35+00:00\" \/>\n<meta property=\"article:modified_time\" content=\"2024-11-13T09:57:36+00:00\" \/>\n<meta name=\"author\" content=\"superpfarr\" \/>\n<meta name=\"twitter:card\" content=\"summary_large_image\" \/>\n<meta name=\"twitter:label1\" content=\"Written by\" \/>\n\t<meta name=\"twitter:data1\" content=\"superpfarr\" \/>\n\t<meta name=\"twitter:label2\" content=\"Est. reading time\" \/>\n\t<meta name=\"twitter:data2\" content=\"4 minutes\" \/>\n<script type=\"application\/ld+json\" class=\"yoast-schema-graph\">{\"@context\":\"https:\\\/\\\/schema.org\",\"@graph\":[{\"@type\":\"Article\",\"@id\":\"https:\\\/\\\/shop.pfarrplatz.com\\\/en\\\/template-package-configurator\\\/#article\",\"isPartOf\":{\"@id\":\"https:\\\/\\\/shop.pfarrplatz.com\\\/en\\\/template-package-configurator\\\/\"},\"author\":{\"name\":\"superpfarr\",\"@id\":\"https:\\\/\\\/shop.pfarrplatz.com\\\/de\\\/#\\\/schema\\\/person\\\/7ae93d8ed054421c9b5c92627b10976e\"},\"headline\":\"Template package configurator\",\"datePublished\":\"2024-11-13T09:57:35+00:00\",\"dateModified\":\"2024-11-13T09:57:36+00:00\",\"mainEntityOfPage\":{\"@id\":\"https:\\\/\\\/shop.pfarrplatz.com\\\/en\\\/template-package-configurator\\\/\"},\"wordCount\":600,\"publisher\":{\"@id\":\"https:\\\/\\\/shop.pfarrplatz.com\\\/de\\\/#organization\"},\"inLanguage\":\"en-US\"},{\"@type\":\"WebPage\",\"@id\":\"https:\\\/\\\/shop.pfarrplatz.com\\\/en\\\/template-package-configurator\\\/\",\"url\":\"https:\\\/\\\/shop.pfarrplatz.com\\\/en\\\/template-package-configurator\\\/\",\"name\":\"Template package configurator - Online-Shop der Weing\u00fcter Mayer am Pfarrplatz und Rotes Haus\",\"isPartOf\":{\"@id\":\"https:\\\/\\\/shop.pfarrplatz.com\\\/de\\\/#website\"},\"datePublished\":\"2024-11-13T09:57:35+00:00\",\"dateModified\":\"2024-11-13T09:57:36+00:00\",\"breadcrumb\":{\"@id\":\"https:\\\/\\\/shop.pfarrplatz.com\\\/en\\\/template-package-configurator\\\/#breadcrumb\"},\"inLanguage\":\"en-US\",\"potentialAction\":[{\"@type\":\"ReadAction\",\"target\":[\"https:\\\/\\\/shop.pfarrplatz.com\\\/en\\\/template-package-configurator\\\/\"]}]},{\"@type\":\"BreadcrumbList\",\"@id\":\"https:\\\/\\\/shop.pfarrplatz.com\\\/en\\\/template-package-configurator\\\/#breadcrumb\",\"itemListElement\":[{\"@type\":\"ListItem\",\"position\":1,\"name\":\"Start\",\"item\":\"https:\\\/\\\/shop.pfarrplatz.com\\\/en\\\/homepage\\\/\"},{\"@type\":\"ListItem\",\"position\":2,\"name\":\"Template package configurator\"}]},{\"@type\":\"WebSite\",\"@id\":\"https:\\\/\\\/shop.pfarrplatz.com\\\/de\\\/#website\",\"url\":\"https:\\\/\\\/shop.pfarrplatz.com\\\/de\\\/\",\"name\":\"Online-Shop der Weing\u00fcter Mayer am Pfarrplatz und Rotes Haus\",\"description\":\"Von den 10 besten Weinen Wiens sind 6 von den Weing\u00fctern Mayer am Pfarrplatz und Rotes Haus\",\"publisher\":{\"@id\":\"https:\\\/\\\/shop.pfarrplatz.com\\\/de\\\/#organization\"},\"potentialAction\":[{\"@type\":\"SearchAction\",\"target\":{\"@type\":\"EntryPoint\",\"urlTemplate\":\"https:\\\/\\\/shop.pfarrplatz.com\\\/de\\\/?s={search_term_string}\"},\"query-input\":{\"@type\":\"PropertyValueSpecification\",\"valueRequired\":true,\"valueName\":\"search_term_string\"}}],\"inLanguage\":\"en-US\"},{\"@type\":\"Organization\",\"@id\":\"https:\\\/\\\/shop.pfarrplatz.com\\\/de\\\/#organization\",\"name\":\"Mayer am Pfarrplatz und Rotes Haus\",\"alternateName\":\"VWG \u201eVienna 19\u201c Wein GmbH\",\"url\":\"https:\\\/\\\/shop.pfarrplatz.com\\\/de\\\/\",\"logo\":{\"@type\":\"ImageObject\",\"inLanguage\":\"en-US\",\"@id\":\"https:\\\/\\\/shop.pfarrplatz.com\\\/de\\\/#\\\/schema\\\/logo\\\/image\\\/\",\"url\":\"https:\\\/\\\/shop.pfarrplatz.com\\\/wp-content\\\/uploads\\\/2018\\\/06\\\/weingut_mayer_am_pfarrplatz_logo.png\",\"contentUrl\":\"https:\\\/\\\/shop.pfarrplatz.com\\\/wp-content\\\/uploads\\\/2018\\\/06\\\/weingut_mayer_am_pfarrplatz_logo.png\",\"width\":124,\"height\":106,\"caption\":\"Mayer am Pfarrplatz und Rotes Haus\"},\"image\":{\"@id\":\"https:\\\/\\\/shop.pfarrplatz.com\\\/de\\\/#\\\/schema\\\/logo\\\/image\\\/\"},\"sameAs\":[\"https:\\\/\\\/www.facebook.com\\\/mayerampfarrplatz\",\"https:\\\/\\\/www.instagram.com\\\/mayerampfarrplatz.pfarrwirt\\\/\"]},{\"@type\":\"Person\",\"@id\":\"https:\\\/\\\/shop.pfarrplatz.com\\\/de\\\/#\\\/schema\\\/person\\\/7ae93d8ed054421c9b5c92627b10976e\",\"name\":\"superpfarr\",\"url\":\"https:\\\/\\\/shop.pfarrplatz.com\\\/en\\\/author\\\/super_pfarr\\\/\"}]}<\/script>\n<!-- \/ Yoast SEO plugin. -->","yoast_head_json":{"title":"Template package configurator - Online-Shop der Weing\u00fcter Mayer am Pfarrplatz und Rotes Haus","robots":{"index":"noindex","follow":"follow"},"og_locale":"en_US","og_type":"article","og_title":"Template package configurator - Online-Shop der Weing\u00fcter Mayer am Pfarrplatz und Rotes Haus","og_description":"[av_section min_height=&#8221; min_height_pc=&#8217;25&#8217; min_height_px=&#8217;500px&#8217; padding=&#8217;default&#8217; custom_margin=&#8217;0px&#8217; custom_margin_sync=&#8217;true&#8217; color=&#8217;alternate_color&#8217; background=&#8217;bg_color&#8217; custom_bg=&#8221; [...]","og_url":"https:\/\/shop.pfarrplatz.com\/en\/template-package-configurator\/","og_site_name":"Online-Shop der Weing\u00fcter Mayer am Pfarrplatz und Rotes Haus","article_publisher":"https:\/\/www.facebook.com\/mayerampfarrplatz","article_published_time":"2024-11-13T09:57:35+00:00","article_modified_time":"2024-11-13T09:57:36+00:00","author":"superpfarr","twitter_card":"summary_large_image","twitter_misc":{"Written by":"superpfarr","Est. reading time":"4 minutes"},"schema":{"@context":"https:\/\/schema.org","@graph":[{"@type":"Article","@id":"https:\/\/shop.pfarrplatz.com\/en\/template-package-configurator\/#article","isPartOf":{"@id":"https:\/\/shop.pfarrplatz.com\/en\/template-package-configurator\/"},"author":{"name":"superpfarr","@id":"https:\/\/shop.pfarrplatz.com\/de\/#\/schema\/person\/7ae93d8ed054421c9b5c92627b10976e"},"headline":"Template package configurator","datePublished":"2024-11-13T09:57:35+00:00","dateModified":"2024-11-13T09:57:36+00:00","mainEntityOfPage":{"@id":"https:\/\/shop.pfarrplatz.com\/en\/template-package-configurator\/"},"wordCount":600,"publisher":{"@id":"https:\/\/shop.pfarrplatz.com\/de\/#organization"},"inLanguage":"en-US"},{"@type":"WebPage","@id":"https:\/\/shop.pfarrplatz.com\/en\/template-package-configurator\/","url":"https:\/\/shop.pfarrplatz.com\/en\/template-package-configurator\/","name":"Template package configurator - Online-Shop der Weing\u00fcter Mayer am Pfarrplatz und Rotes Haus","isPartOf":{"@id":"https:\/\/shop.pfarrplatz.com\/de\/#website"},"datePublished":"2024-11-13T09:57:35+00:00","dateModified":"2024-11-13T09:57:36+00:00","breadcrumb":{"@id":"https:\/\/shop.pfarrplatz.com\/en\/template-package-configurator\/#breadcrumb"},"inLanguage":"en-US","potentialAction":[{"@type":"ReadAction","target":["https:\/\/shop.pfarrplatz.com\/en\/template-package-configurator\/"]}]},{"@type":"BreadcrumbList","@id":"https:\/\/shop.pfarrplatz.com\/en\/template-package-configurator\/#breadcrumb","itemListElement":[{"@type":"ListItem","position":1,"name":"Start","item":"https:\/\/shop.pfarrplatz.com\/en\/homepage\/"},{"@type":"ListItem","position":2,"name":"Template package configurator"}]},{"@type":"WebSite","@id":"https:\/\/shop.pfarrplatz.com\/de\/#website","url":"https:\/\/shop.pfarrplatz.com\/de\/","name":"Online-Shop der Weing\u00fcter Mayer am Pfarrplatz und Rotes Haus","description":"Von den 10 besten Weinen Wiens sind 6 von den Weing\u00fctern Mayer am Pfarrplatz und Rotes Haus","publisher":{"@id":"https:\/\/shop.pfarrplatz.com\/de\/#organization"},"potentialAction":[{"@type":"SearchAction","target":{"@type":"EntryPoint","urlTemplate":"https:\/\/shop.pfarrplatz.com\/de\/?s={search_term_string}"},"query-input":{"@type":"PropertyValueSpecification","valueRequired":true,"valueName":"search_term_string"}}],"inLanguage":"en-US"},{"@type":"Organization","@id":"https:\/\/shop.pfarrplatz.com\/de\/#organization","name":"Mayer am Pfarrplatz und Rotes Haus","alternateName":"VWG \u201eVienna 19\u201c Wein GmbH","url":"https:\/\/shop.pfarrplatz.com\/de\/","logo":{"@type":"ImageObject","inLanguage":"en-US","@id":"https:\/\/shop.pfarrplatz.com\/de\/#\/schema\/logo\/image\/","url":"https:\/\/shop.pfarrplatz.com\/wp-content\/uploads\/2018\/06\/weingut_mayer_am_pfarrplatz_logo.png","contentUrl":"https:\/\/shop.pfarrplatz.com\/wp-content\/uploads\/2018\/06\/weingut_mayer_am_pfarrplatz_logo.png","width":124,"height":106,"caption":"Mayer am Pfarrplatz und Rotes Haus"},"image":{"@id":"https:\/\/shop.pfarrplatz.com\/de\/#\/schema\/logo\/image\/"},"sameAs":["https:\/\/www.facebook.com\/mayerampfarrplatz","https:\/\/www.instagram.com\/mayerampfarrplatz.pfarrwirt\/"]},{"@type":"Person","@id":"https:\/\/shop.pfarrplatz.com\/de\/#\/schema\/person\/7ae93d8ed054421c9b5c92627b10976e","name":"superpfarr","url":"https:\/\/shop.pfarrplatz.com\/en\/author\/super_pfarr\/"}]}},"_links":{"self":[{"href":"https:\/\/shop.pfarrplatz.com\/en\/wp-json\/wp\/v2\/posts\/94990","targetHints":{"allow":["GET"]}}],"collection":[{"href":"https:\/\/shop.pfarrplatz.com\/en\/wp-json\/wp\/v2\/posts"}],"about":[{"href":"https:\/\/shop.pfarrplatz.com\/en\/wp-json\/wp\/v2\/types\/post"}],"author":[{"embeddable":true,"href":"https:\/\/shop.pfarrplatz.com\/en\/wp-json\/wp\/v2\/users\/1"}],"replies":[{"embeddable":true,"href":"https:\/\/shop.pfarrplatz.com\/en\/wp-json\/wp\/v2\/comments?post=94990"}],"version-history":[{"count":1,"href":"https:\/\/shop.pfarrplatz.com\/en\/wp-json\/wp\/v2\/posts\/94990\/revisions"}],"predecessor-version":[{"id":94992,"href":"https:\/\/shop.pfarrplatz.com\/en\/wp-json\/wp\/v2\/posts\/94990\/revisions\/94992"}],"wp:attachment":[{"href":"https:\/\/shop.pfarrplatz.com\/en\/wp-json\/wp\/v2\/media?parent=94990"}],"wp:term":[{"taxonomy":"category","embeddable":true,"href":"https:\/\/shop.pfarrplatz.com\/en\/wp-json\/wp\/v2\/categories?post=94990"},{"taxonomy":"post_tag","embeddable":true,"href":"https:\/\/shop.pfarrplatz.com\/en\/wp-json\/wp\/v2\/tags?post=94990"}],"curies":[{"name":"wp","href":"https:\/\/api.w.org\/{rel}","templated":true}]}}